{"id":62603,"date":"2025-06-01T14:24:14","date_gmt":"2025-06-01T12:24:14","guid":{"rendered":"https:\/\/reznicka.jinakrajina.cz\/cs\/?p=62603"},"modified":"2025-06-02T12:43:12","modified_gmt":"2025-06-02T10:43:12","slug":"62603-2","status":"publish","type":"post","link":"https:\/\/reznicka.jinakrajina.cz\/cs\/62603-2\/","title":{"rendered":"2.6.2025"},"content":{"rendered":"<h2>Pol\u00e9vky<\/h2>\n<div>\n<h4>tomatov\u00e1 s bazalkou (9,12)<\/h4>\n<p>v cen\u011b menu<\/p><\/div>\n<div>\n<h4>brokolicov\u00fd kr\u00e9m (7,9)<\/h4>\n<p>v cen\u011b menu<\/p><\/div>\n<h2>Sal\u00e1ty<\/h2>\n<div>\n<h4>m\u00edchan\u00fd sal\u00e1tek (8,10)<\/h4>\n<p>v cen\u011b menu<\/p><\/div>\n<h2>Hlavn\u00ed j\u00eddla<\/h2>\n<div>\n<h4>1. Losos s avok\u00e1dem \/ , 150g<\/h4>\n<p>filet z lososa grilovan\u00fd na  bylink\u00e1ch, pod\u00e1van\u00fd s jemn\u00fdm avok\u00e1dov\u00fdm pyr\u00e9 s limetkou  a gran\u00e1tov\u00fdm jablkem, \u0161\u0165ouchan\u00fdm  bramborem (4,7,9,10,12)    <br \/>195,- K\u010d<\/div>\n<div>\n<h4>2. Grilovan\u00fd kypersk\u00fd s\u00fdr halloumi s tzaziky sal\u00e1tkem, , 125g<\/h4>\n<p>ope\u010den\u00fdmi brambory grenaille s tymi\u00e1nem, nebo s listov\u00fdm \u0161pen\u00e1tem s volsk\u00fdm okem (low carb) restovan\u00fdm lilkem a  cuketou (3,7,10)                                                                                             <br \/>185,- K\u010d<\/div>\n<div>\n<h4>3. \u201eTortellini con ricotta e spinaci\u201c \u2013 , 150g<\/h4>\n<p>\u2013 \u010derstv\u00e9 vaje\u010dn\u00e9  t\u011bstoviny pln\u011bn\u00e9 ricottou a \u0161pen\u00e1tem, tomatov\u00e1 om\u00e1\u010dka s  bazalkou, parmaz\u00e1n a rukola (1,3,7)<br \/>175,- K\u010d<\/div>\n<div>\n<h4>4. Ku\u0159e po \u201e\u0158ecku\u201c \/ , 150g<\/h4>\n<p>grilovan\u00e9 ku\u0159ec\u00ed prs\u00ed\u010dko s krustou s  Feta s\u00fdru, su\u0161en\u00fdch raj\u010dat a oliv, pe\u010den\u00e9 z\u00e1meck\u00e9 bramb\u016frky  s tymi\u00e1nem a citronem, tzaziky sal\u00e1tek (3,7,9,10,12)                            <br \/>179,- K\u010d<\/div>\n<div>\n<h4>5. Vep\u0159ov\u00e1 panenka \/ , 150g<\/h4>\n<p>grilovan\u00e1 vep\u0159ov\u00e1 panenka nalo\u017eena  v argentinsk\u00e9m steakov\u00e9m ko\u0159en\u00ed, pod\u00e1van\u00e9 s om\u00e1\u010dkou z  pe\u010den\u00fdch \u010derven\u00fdch paprik, pe\u010den\u00e9 brambory grenaille                <br \/>185,- K\u010d<\/div>\n<div>\n<h4>6. Flank Steak s restovan\u00fdmi fazolkami a slaninou, , 170g<\/h4>\n<p>grilovan\u00fd flank steak serv\u00edrovan\u00fd s restovan\u00fdmi zelen\u00fdmi  fazolkami, k\u0159upavou slaninou a \u0161\u0165ouchan\u00fdm bramborem (1,7,9,10)                                                                                                         <br \/>195,- K\u010d<\/div>\n<h2>Sal\u00e1tov\u00e9 menu<\/h2>\n<div>\n<h4>7. , <\/h4>\n<p>,- K\u010d<\/div>\n<h2>Dezert dne<\/h2>\n<div>\n<h4>Panna cotta s jahodami a mangovou polevou (7) <\/h4>\n<p>55,- K\u010d<\/div>\n","protected":false},"excerpt":{"rendered":"<p>Pol\u00e9vky tomatov\u00e1 s bazalkou (9,12) v cen\u011b menu brokolicov\u00fd kr\u00e9m (7,9) v cen\u011b menu Sal\u00e1ty m\u00edchan\u00fd sal\u00e1tek (8,10) v cen\u011b menu Hlavn\u00ed j\u00eddla 1. Losos s avok\u00e1dem \/ , 150g filet z lososa grilovan\u00fd na bylink\u00e1ch, pod\u00e1van\u00fd s jemn\u00fdm avok\u00e1dov\u00fdm pyr\u00e9 s limetkou a gran\u00e1tov\u00fdm jablkem, \u0161\u0165ouchan\u00fdm bramborem (4,7,9,10,12) 195,- K\u010d 2. Grilovan\u00fd kypersk\u00fd s\u00fdr [&hellip;]<\/p>\n","protected":false},"author":3,"featured_media":0,"comment_status":"open","ping_status":"open","sticky":false,"template":"","format":"standard","meta":{"_acf_changed":false,"footnotes":""},"class_list":["post-62603","post","type-post","status-publish","format-standard","hentry"],"acf":[],"yoast_head":"<!-- This site is optimized with the Yoast SEO plugin v27.4 - https:\/\/yoast.com\/product\/yoast-seo-wordpress\/ -->\n<title>2.6.2025 - Jin\u00e1 Krajina<\/title>\n<meta name=\"robots\" content=\"index, follow, max-snippet:-1, max-image-preview:large, max-video-preview:-1\" \/>\n<link rel=\"canonical\" href=\"https:\/\/reznicka.jinakrajina.cz\/cs\/62603-2\/\" \/>\n<meta property=\"og:locale\" content=\"cs_CZ\" \/>\n<meta property=\"og:type\" content=\"article\" \/>\n<meta property=\"og:title\" content=\"2.6.2025 - Jin\u00e1 Krajina\" \/>\n<meta property=\"og:description\" content=\"Pol\u00e9vky tomatov\u00e1 s bazalkou (9,12) v cen\u011b menu brokolicov\u00fd kr\u00e9m (7,9) v cen\u011b menu Sal\u00e1ty m\u00edchan\u00fd sal\u00e1tek (8,10) v cen\u011b menu Hlavn\u00ed j\u00eddla 1. Losos s avok\u00e1dem \/ , 150g filet z lososa grilovan\u00fd na bylink\u00e1ch, pod\u00e1van\u00fd s jemn\u00fdm avok\u00e1dov\u00fdm pyr\u00e9 s limetkou a gran\u00e1tov\u00fdm jablkem, \u0161\u0165ouchan\u00fdm bramborem (4,7,9,10,12) 195,- K\u010d 2. Grilovan\u00fd kypersk\u00fd s\u00fdr [&hellip;]\" \/>\n<meta property=\"og:url\" content=\"https:\/\/reznicka.jinakrajina.cz\/cs\/62603-2\/\" \/>\n<meta property=\"og:site_name\" content=\"Jin\u00e1 Krajina\" \/>\n<meta property=\"article:published_time\" content=\"2025-06-01T12:24:14+00:00\" \/>\n<meta property=\"article:modified_time\" content=\"2025-06-02T10:43:12+00:00\" \/>\n<meta name=\"author\" content=\"JK\" \/>\n<meta name=\"twitter:card\" content=\"summary_large_image\" \/>\n<meta name=\"twitter:label1\" content=\"Napsal(a)\" \/>\n\t<meta name=\"twitter:data1\" content=\"JK\" \/>\n\t<meta name=\"twitter:label2\" content=\"Odhadovan\u00e1 doba \u010dten\u00ed\" \/>\n\t<meta name=\"twitter:data2\" content=\"1 minuta\" \/>\n<script type=\"application\/ld+json\" class=\"yoast-schema-graph\">{\"@context\":\"https:\\\/\\\/schema.org\",\"@graph\":[{\"@type\":\"Article\",\"@id\":\"https:\\\/\\\/reznicka.jinakrajina.cz\\\/cs\\\/62603-2\\\/#article\",\"isPartOf\":{\"@id\":\"https:\\\/\\\/reznicka.jinakrajina.cz\\\/cs\\\/62603-2\\\/\"},\"author\":{\"name\":\"JK\",\"@id\":\"https:\\\/\\\/reznicka.jinakrajina.cz\\\/cs\\\/#\\\/schema\\\/person\\\/905794cbc505832fb1be714596cb1588\"},\"headline\":\"2.6.2025\",\"datePublished\":\"2025-06-01T12:24:14+00:00\",\"dateModified\":\"2025-06-02T10:43:12+00:00\",\"mainEntityOfPage\":{\"@id\":\"https:\\\/\\\/reznicka.jinakrajina.cz\\\/cs\\\/62603-2\\\/\"},\"wordCount\":238,\"commentCount\":0,\"inLanguage\":\"cs\"},{\"@type\":\"WebPage\",\"@id\":\"https:\\\/\\\/reznicka.jinakrajina.cz\\\/cs\\\/62603-2\\\/\",\"url\":\"https:\\\/\\\/reznicka.jinakrajina.cz\\\/cs\\\/62603-2\\\/\",\"name\":\"2.6.2025 - Jin\u00e1 Krajina\",\"isPartOf\":{\"@id\":\"https:\\\/\\\/reznicka.jinakrajina.cz\\\/cs\\\/#website\"},\"datePublished\":\"2025-06-01T12:24:14+00:00\",\"dateModified\":\"2025-06-02T10:43:12+00:00\",\"author\":{\"@id\":\"https:\\\/\\\/reznicka.jinakrajina.cz\\\/cs\\\/#\\\/schema\\\/person\\\/905794cbc505832fb1be714596cb1588\"},\"breadcrumb\":{\"@id\":\"https:\\\/\\\/reznicka.jinakrajina.cz\\\/cs\\\/62603-2\\\/#breadcrumb\"},\"inLanguage\":\"cs\",\"potentialAction\":[{\"@type\":\"ReadAction\",\"target\":[\"https:\\\/\\\/reznicka.jinakrajina.cz\\\/cs\\\/62603-2\\\/\"]}]},{\"@type\":\"BreadcrumbList\",\"@id\":\"https:\\\/\\\/reznicka.jinakrajina.cz\\\/cs\\\/62603-2\\\/#breadcrumb\",\"itemListElement\":[{\"@type\":\"ListItem\",\"position\":1,\"name\":\"Home\",\"item\":\"https:\\\/\\\/reznicka.jinakrajina.cz\\\/cs\\\/\"},{\"@type\":\"ListItem\",\"position\":2,\"name\":\"2.6.2025\"}]},{\"@type\":\"WebSite\",\"@id\":\"https:\\\/\\\/reznicka.jinakrajina.cz\\\/cs\\\/#website\",\"url\":\"https:\\\/\\\/reznicka.jinakrajina.cz\\\/cs\\\/\",\"name\":\"Jin\u00e1 Krajina\",\"description\":\"\",\"potentialAction\":[{\"@type\":\"SearchAction\",\"target\":{\"@type\":\"EntryPoint\",\"urlTemplate\":\"https:\\\/\\\/reznicka.jinakrajina.cz\\\/cs\\\/?s={search_term_string}\"},\"query-input\":{\"@type\":\"PropertyValueSpecification\",\"valueRequired\":true,\"valueName\":\"search_term_string\"}}],\"inLanguage\":\"cs\"},{\"@type\":\"Person\",\"@id\":\"https:\\\/\\\/reznicka.jinakrajina.cz\\\/cs\\\/#\\\/schema\\\/person\\\/905794cbc505832fb1be714596cb1588\",\"name\":\"JK\",\"url\":\"https:\\\/\\\/reznicka.jinakrajina.cz\\\/cs\\\/author\\\/tomaskalab\\\/\"}]}<\/script>\n<!-- \/ Yoast SEO plugin. -->","yoast_head_json":{"title":"2.6.2025 - Jin\u00e1 Krajina","robots":{"index":"index","follow":"follow","max-snippet":"max-snippet:-1","max-image-preview":"max-image-preview:large","max-video-preview":"max-video-preview:-1"},"canonical":"https:\/\/reznicka.jinakrajina.cz\/cs\/62603-2\/","og_locale":"cs_CZ","og_type":"article","og_title":"2.6.2025 - Jin\u00e1 Krajina","og_description":"Pol\u00e9vky tomatov\u00e1 s bazalkou (9,12) v cen\u011b menu brokolicov\u00fd kr\u00e9m (7,9) v cen\u011b menu Sal\u00e1ty m\u00edchan\u00fd sal\u00e1tek (8,10) v cen\u011b menu Hlavn\u00ed j\u00eddla 1. Losos s avok\u00e1dem \/ , 150g filet z lososa grilovan\u00fd na bylink\u00e1ch, pod\u00e1van\u00fd s jemn\u00fdm avok\u00e1dov\u00fdm pyr\u00e9 s limetkou a gran\u00e1tov\u00fdm jablkem, \u0161\u0165ouchan\u00fdm bramborem (4,7,9,10,12) 195,- K\u010d 2. Grilovan\u00fd kypersk\u00fd s\u00fdr [&hellip;]","og_url":"https:\/\/reznicka.jinakrajina.cz\/cs\/62603-2\/","og_site_name":"Jin\u00e1 Krajina","article_published_time":"2025-06-01T12:24:14+00:00","article_modified_time":"2025-06-02T10:43:12+00:00","author":"JK","twitter_card":"summary_large_image","twitter_misc":{"Napsal(a)":"JK","Odhadovan\u00e1 doba \u010dten\u00ed":"1 minuta"},"schema":{"@context":"https:\/\/schema.org","@graph":[{"@type":"Article","@id":"https:\/\/reznicka.jinakrajina.cz\/cs\/62603-2\/#article","isPartOf":{"@id":"https:\/\/reznicka.jinakrajina.cz\/cs\/62603-2\/"},"author":{"name":"JK","@id":"https:\/\/reznicka.jinakrajina.cz\/cs\/#\/schema\/person\/905794cbc505832fb1be714596cb1588"},"headline":"2.6.2025","datePublished":"2025-06-01T12:24:14+00:00","dateModified":"2025-06-02T10:43:12+00:00","mainEntityOfPage":{"@id":"https:\/\/reznicka.jinakrajina.cz\/cs\/62603-2\/"},"wordCount":238,"commentCount":0,"inLanguage":"cs"},{"@type":"WebPage","@id":"https:\/\/reznicka.jinakrajina.cz\/cs\/62603-2\/","url":"https:\/\/reznicka.jinakrajina.cz\/cs\/62603-2\/","name":"2.6.2025 - Jin\u00e1 Krajina","isPartOf":{"@id":"https:\/\/reznicka.jinakrajina.cz\/cs\/#website"},"datePublished":"2025-06-01T12:24:14+00:00","dateModified":"2025-06-02T10:43:12+00:00","author":{"@id":"https:\/\/reznicka.jinakrajina.cz\/cs\/#\/schema\/person\/905794cbc505832fb1be714596cb1588"},"breadcrumb":{"@id":"https:\/\/reznicka.jinakrajina.cz\/cs\/62603-2\/#breadcrumb"},"inLanguage":"cs","potentialAction":[{"@type":"ReadAction","target":["https:\/\/reznicka.jinakrajina.cz\/cs\/62603-2\/"]}]},{"@type":"BreadcrumbList","@id":"https:\/\/reznicka.jinakrajina.cz\/cs\/62603-2\/#breadcrumb","itemListElement":[{"@type":"ListItem","position":1,"name":"Home","item":"https:\/\/reznicka.jinakrajina.cz\/cs\/"},{"@type":"ListItem","position":2,"name":"2.6.2025"}]},{"@type":"WebSite","@id":"https:\/\/reznicka.jinakrajina.cz\/cs\/#website","url":"https:\/\/reznicka.jinakrajina.cz\/cs\/","name":"Jin\u00e1 Krajina","description":"","potentialAction":[{"@type":"SearchAction","target":{"@type":"EntryPoint","urlTemplate":"https:\/\/reznicka.jinakrajina.cz\/cs\/?s={search_term_string}"},"query-input":{"@type":"PropertyValueSpecification","valueRequired":true,"valueName":"search_term_string"}}],"inLanguage":"cs"},{"@type":"Person","@id":"https:\/\/reznicka.jinakrajina.cz\/cs\/#\/schema\/person\/905794cbc505832fb1be714596cb1588","name":"JK","url":"https:\/\/reznicka.jinakrajina.cz\/cs\/author\/tomaskalab\/"}]}},"_links":{"self":[{"href":"https:\/\/reznicka.jinakrajina.cz\/cs\/wp-json\/wp\/v2\/posts\/62603","targetHints":{"allow":["GET"]}}],"collection":[{"href":"https:\/\/reznicka.jinakrajina.cz\/cs\/wp-json\/wp\/v2\/posts"}],"about":[{"href":"https:\/\/reznicka.jinakrajina.cz\/cs\/wp-json\/wp\/v2\/types\/post"}],"author":[{"embeddable":true,"href":"https:\/\/reznicka.jinakrajina.cz\/cs\/wp-json\/wp\/v2\/users\/3"}],"replies":[{"embeddable":true,"href":"https:\/\/reznicka.jinakrajina.cz\/cs\/wp-json\/wp\/v2\/comments?post=62603"}],"version-history":[{"count":10,"href":"https:\/\/reznicka.jinakrajina.cz\/cs\/wp-json\/wp\/v2\/posts\/62603\/revisions"}],"predecessor-version":[{"id":62666,"href":"https:\/\/reznicka.jinakrajina.cz\/cs\/wp-json\/wp\/v2\/posts\/62603\/revisions\/62666"}],"wp:attachment":[{"href":"https:\/\/reznicka.jinakrajina.cz\/cs\/wp-json\/wp\/v2\/media?parent=62603"}],"curies":[{"name":"wp","href":"https:\/\/api.w.org\/{rel}","templated":true}]}}