{"id":26685,"date":"2022-09-14T18:44:56","date_gmt":"2022-09-14T16:44:56","guid":{"rendered":"http:\/\/reznicka.jinakrajina.cz\/cs\/?p=26685"},"modified":"2022-09-15T12:50:34","modified_gmt":"2022-09-15T10:50:34","slug":"26685-2","status":"publish","type":"post","link":"https:\/\/reznicka.jinakrajina.cz\/cs\/26685-2\/","title":{"rendered":"15.9.2022"},"content":{"rendered":"<h2>Pol\u00e9vky<\/h2>\n<div>\n<h4>zel\u0148a\u010dka  s uzen\u00fdm (19,1012) <\/h4>\n<p>v cen\u011b menu<\/p><\/div>\n<div>\n<h4>petr\u017eelkov\u00fd kr\u00e9m (7,9)<\/h4>\n<p>v cen\u011b menu<\/p><\/div>\n<h2>Sal\u00e1ty<\/h2>\n<div>\n<h4>m\u00edchan\u00fd sal\u00e1tek (8,10)<\/h4>\n<p>v cen\u011b menu<\/p><\/div>\n<div>\n<h4>chlazen\u00fd meloun<\/h4>\n<p>v cen\u011b menu<\/p><\/div>\n<h2>Hlavn\u00ed j\u00eddla<\/h2>\n<div>\n<h4>1. Grilovan\u00fd filet z Pra\u017emy a Mo\u0159sk\u00e9ho vlka  v pestu ze   su\u0161en\u00fdch raj\u010dat, , 150g<\/h4>\n<p>na lu\u017eku z kuku\u0159ice, pe\u010den\u00e9 brambory   grenaille s \u010dervenou cibulkou,m\u00edchan\u00fd sal\u00e1tek (4,7,10,12)<br \/>169,- K\u010d<\/div>\n<div>\n<h4>2. Balk\u00e1nsk\u00e9 cukety \/ , 150g<\/h4>\n<p> cukety v s\u00fdrov\u00e9m t\u011bst\u00ed\u010dku prokl\u00e1dan\u00e9 marinovanou zeleninou, pe\u010den\u00e9 brambory, zeln\u00fd sal\u00e1t (1,3,7,10,12)<br \/>155,- K\u010d<\/div>\n<div>\n<h4>3. Grilovan\u00fd kypersk\u00fd s\u00fdr halloumi se zeleninou ratatouille , , 100g<\/h4>\n<p>(lilek, cuketa, paprika, raj\u010data, bylinky) pod\u00e1van\u00e9 se  \u0161\u0165ouchan\u00fdm bramborem nebo s kv\u011bt\u00e1kov\u00fdm pyr\u00e9  (7,9)                 <br \/>155,- K\u010d<\/div>\n<div>\n<h4>4. Lasagne Florentina\/  , 300g<\/h4>\n<p>s ku\u0159ec\u00edm masem, prokl\u00e1dan\u00e9  listov\u00fdm \u0161pen\u00e1tem, modr\u00fdm s\u00fdrem, mozzarellou, gratinovan\u00e9 , parmaz\u00e1nem (1,3,7,10)                                                                                                                                                                                   <br \/>155,- K\u010d<\/div>\n<div>\n<h4>5. Panenka na li\u0161k\u00e1ch \/ , 150g<\/h4>\n<p>grilovan\u00e9 vep\u0159ov\u00e9 kotletky,  pod\u00e1van\u00e9  s li\u0161kovou om\u00e1\u010dkou, bramborov\u00e9 krokety (1,3,7,9,10) <br \/>159,- K\u010d<\/div>\n<div>\n<h4>6. Libanonsk\u00fd kebab \/ , 180g<\/h4>\n<p>pe\u010den\u00fd v\u00e1le\u010dek z hov\u011b\u00edho masa v   tortille pot\u0159en\u00e9 zakysanou smetanou s \u010derstv\u00fdm koriandrem  na sal\u00e1tov\u00fdch listech s tomaty a okurkou, p\u0159elit\u00fdch tomatovou  pikantn\u00ed om\u00e1\u010dkou, bramborov\u00e9 hranolky (1,7,9,10,12)                       <br \/>165,- K\u010d<\/div>\n<h2>Sal\u00e1tov\u00e9 menu<\/h2>\n<div>\n<h4>7.  \u201eVenkovsk\u00fd \u0159eck\u00fd sal\u00e1t\u201c , <\/h4>\n<p>s grilovan\u00fdm ku\u0159ec\u00edm masem fetaki  s\u00fdrem,\u010derstv\u00e1 m\u00edchan\u00e1 zelenina, su\u0161en\u00e1 raj\u010data, \u010dern\u00e9 olivy,  \u010derven\u00e1 cibule, ope\u010den\u00fd pita chleba (1,6,7,10)                                    <br \/>149,- K\u010d<\/div>\n<h2>Dezert dne<\/h2>\n<div>\n<h4>Cheesecake (1,7)                                                                      <\/h4>\n<p>45,- K\u010d<\/div>\n<div>\n<h4>Panna cotta s jahodami a vanilkovou polevou (7)                                                                                  <\/h4>\n<p>29,- K\u010d<\/div>\n","protected":false},"excerpt":{"rendered":"<p>Pol\u00e9vky zel\u0148a\u010dka s uzen\u00fdm (19,1012) v cen\u011b menu petr\u017eelkov\u00fd kr\u00e9m (7,9) v cen\u011b menu Sal\u00e1ty m\u00edchan\u00fd sal\u00e1tek (8,10) v cen\u011b menu chlazen\u00fd meloun v cen\u011b menu Hlavn\u00ed j\u00eddla 1. Grilovan\u00fd filet z Pra\u017emy a Mo\u0159sk\u00e9ho vlka v pestu ze su\u0161en\u00fdch raj\u010dat, , 150g na lu\u017eku z kuku\u0159ice, pe\u010den\u00e9 brambory grenaille s \u010dervenou cibulkou,m\u00edchan\u00fd sal\u00e1tek (4,7,10,12)169,- [&hellip;]<\/p>\n","protected":false},"author":3,"featured_media":0,"comment_status":"open","ping_status":"open","sticky":false,"template":"","format":"standard","meta":{"_acf_changed":false,"footnotes":""},"class_list":["post-26685","post","type-post","status-publish","format-standard","hentry"],"acf":[],"yoast_head":"<!-- This site is optimized with the Yoast SEO plugin v27.4 - https:\/\/yoast.com\/product\/yoast-seo-wordpress\/ -->\n<title>15.9.2022 - Jin\u00e1 Krajina<\/title>\n<meta name=\"robots\" content=\"index, follow, max-snippet:-1, max-image-preview:large, max-video-preview:-1\" \/>\n<link rel=\"canonical\" href=\"https:\/\/reznicka.jinakrajina.cz\/cs\/26685-2\/\" \/>\n<meta property=\"og:locale\" content=\"cs_CZ\" \/>\n<meta property=\"og:type\" content=\"article\" \/>\n<meta property=\"og:title\" content=\"15.9.2022 - Jin\u00e1 Krajina\" \/>\n<meta property=\"og:description\" content=\"Pol\u00e9vky zel\u0148a\u010dka s uzen\u00fdm (19,1012) v cen\u011b menu petr\u017eelkov\u00fd kr\u00e9m (7,9) v cen\u011b menu Sal\u00e1ty m\u00edchan\u00fd sal\u00e1tek (8,10) v cen\u011b menu chlazen\u00fd meloun v cen\u011b menu Hlavn\u00ed j\u00eddla 1. Grilovan\u00fd filet z Pra\u017emy a Mo\u0159sk\u00e9ho vlka v pestu ze su\u0161en\u00fdch raj\u010dat, , 150g na lu\u017eku z kuku\u0159ice, pe\u010den\u00e9 brambory grenaille s \u010dervenou cibulkou,m\u00edchan\u00fd sal\u00e1tek (4,7,10,12)169,- [&hellip;]\" \/>\n<meta property=\"og:url\" content=\"https:\/\/reznicka.jinakrajina.cz\/cs\/26685-2\/\" \/>\n<meta property=\"og:site_name\" content=\"Jin\u00e1 Krajina\" \/>\n<meta property=\"article:published_time\" content=\"2022-09-14T16:44:56+00:00\" \/>\n<meta property=\"article:modified_time\" content=\"2022-09-15T10:50:34+00:00\" \/>\n<meta name=\"author\" content=\"JK\" \/>\n<meta name=\"twitter:card\" content=\"summary_large_image\" \/>\n<meta name=\"twitter:label1\" content=\"Napsal(a)\" \/>\n\t<meta name=\"twitter:data1\" content=\"JK\" \/>\n\t<meta name=\"twitter:label2\" content=\"Odhadovan\u00e1 doba \u010dten\u00ed\" \/>\n\t<meta name=\"twitter:data2\" content=\"1 minuta\" \/>\n<script type=\"application\/ld+json\" class=\"yoast-schema-graph\">{\"@context\":\"https:\\\/\\\/schema.org\",\"@graph\":[{\"@type\":\"Article\",\"@id\":\"https:\\\/\\\/reznicka.jinakrajina.cz\\\/cs\\\/26685-2\\\/#article\",\"isPartOf\":{\"@id\":\"https:\\\/\\\/reznicka.jinakrajina.cz\\\/cs\\\/26685-2\\\/\"},\"author\":{\"name\":\"JK\",\"@id\":\"https:\\\/\\\/reznicka.jinakrajina.cz\\\/cs\\\/#\\\/schema\\\/person\\\/905794cbc505832fb1be714596cb1588\"},\"headline\":\"15.9.2022\",\"datePublished\":\"2022-09-14T16:44:56+00:00\",\"dateModified\":\"2022-09-15T10:50:34+00:00\",\"mainEntityOfPage\":{\"@id\":\"https:\\\/\\\/reznicka.jinakrajina.cz\\\/cs\\\/26685-2\\\/\"},\"wordCount\":258,\"commentCount\":0,\"inLanguage\":\"cs\"},{\"@type\":\"WebPage\",\"@id\":\"https:\\\/\\\/reznicka.jinakrajina.cz\\\/cs\\\/26685-2\\\/\",\"url\":\"https:\\\/\\\/reznicka.jinakrajina.cz\\\/cs\\\/26685-2\\\/\",\"name\":\"15.9.2022 - Jin\u00e1 Krajina\",\"isPartOf\":{\"@id\":\"https:\\\/\\\/reznicka.jinakrajina.cz\\\/cs\\\/#website\"},\"datePublished\":\"2022-09-14T16:44:56+00:00\",\"dateModified\":\"2022-09-15T10:50:34+00:00\",\"author\":{\"@id\":\"https:\\\/\\\/reznicka.jinakrajina.cz\\\/cs\\\/#\\\/schema\\\/person\\\/905794cbc505832fb1be714596cb1588\"},\"breadcrumb\":{\"@id\":\"https:\\\/\\\/reznicka.jinakrajina.cz\\\/cs\\\/26685-2\\\/#breadcrumb\"},\"inLanguage\":\"cs\",\"potentialAction\":[{\"@type\":\"ReadAction\",\"target\":[\"https:\\\/\\\/reznicka.jinakrajina.cz\\\/cs\\\/26685-2\\\/\"]}]},{\"@type\":\"BreadcrumbList\",\"@id\":\"https:\\\/\\\/reznicka.jinakrajina.cz\\\/cs\\\/26685-2\\\/#breadcrumb\",\"itemListElement\":[{\"@type\":\"ListItem\",\"position\":1,\"name\":\"Home\",\"item\":\"https:\\\/\\\/reznicka.jinakrajina.cz\\\/cs\\\/\"},{\"@type\":\"ListItem\",\"position\":2,\"name\":\"15.9.2022\"}]},{\"@type\":\"WebSite\",\"@id\":\"https:\\\/\\\/reznicka.jinakrajina.cz\\\/cs\\\/#website\",\"url\":\"https:\\\/\\\/reznicka.jinakrajina.cz\\\/cs\\\/\",\"name\":\"Jin\u00e1 Krajina\",\"description\":\"\",\"potentialAction\":[{\"@type\":\"SearchAction\",\"target\":{\"@type\":\"EntryPoint\",\"urlTemplate\":\"https:\\\/\\\/reznicka.jinakrajina.cz\\\/cs\\\/?s={search_term_string}\"},\"query-input\":{\"@type\":\"PropertyValueSpecification\",\"valueRequired\":true,\"valueName\":\"search_term_string\"}}],\"inLanguage\":\"cs\"},{\"@type\":\"Person\",\"@id\":\"https:\\\/\\\/reznicka.jinakrajina.cz\\\/cs\\\/#\\\/schema\\\/person\\\/905794cbc505832fb1be714596cb1588\",\"name\":\"JK\",\"url\":\"https:\\\/\\\/reznicka.jinakrajina.cz\\\/cs\\\/author\\\/tomaskalab\\\/\"}]}<\/script>\n<!-- \/ Yoast SEO plugin. -->","yoast_head_json":{"title":"15.9.2022 - Jin\u00e1 Krajina","robots":{"index":"index","follow":"follow","max-snippet":"max-snippet:-1","max-image-preview":"max-image-preview:large","max-video-preview":"max-video-preview:-1"},"canonical":"https:\/\/reznicka.jinakrajina.cz\/cs\/26685-2\/","og_locale":"cs_CZ","og_type":"article","og_title":"15.9.2022 - Jin\u00e1 Krajina","og_description":"Pol\u00e9vky zel\u0148a\u010dka s uzen\u00fdm (19,1012) v cen\u011b menu petr\u017eelkov\u00fd kr\u00e9m (7,9) v cen\u011b menu Sal\u00e1ty m\u00edchan\u00fd sal\u00e1tek (8,10) v cen\u011b menu chlazen\u00fd meloun v cen\u011b menu Hlavn\u00ed j\u00eddla 1. Grilovan\u00fd filet z Pra\u017emy a Mo\u0159sk\u00e9ho vlka v pestu ze su\u0161en\u00fdch raj\u010dat, , 150g na lu\u017eku z kuku\u0159ice, pe\u010den\u00e9 brambory grenaille s \u010dervenou cibulkou,m\u00edchan\u00fd sal\u00e1tek (4,7,10,12)169,- [&hellip;]","og_url":"https:\/\/reznicka.jinakrajina.cz\/cs\/26685-2\/","og_site_name":"Jin\u00e1 Krajina","article_published_time":"2022-09-14T16:44:56+00:00","article_modified_time":"2022-09-15T10:50:34+00:00","author":"JK","twitter_card":"summary_large_image","twitter_misc":{"Napsal(a)":"JK","Odhadovan\u00e1 doba \u010dten\u00ed":"1 minuta"},"schema":{"@context":"https:\/\/schema.org","@graph":[{"@type":"Article","@id":"https:\/\/reznicka.jinakrajina.cz\/cs\/26685-2\/#article","isPartOf":{"@id":"https:\/\/reznicka.jinakrajina.cz\/cs\/26685-2\/"},"author":{"name":"JK","@id":"https:\/\/reznicka.jinakrajina.cz\/cs\/#\/schema\/person\/905794cbc505832fb1be714596cb1588"},"headline":"15.9.2022","datePublished":"2022-09-14T16:44:56+00:00","dateModified":"2022-09-15T10:50:34+00:00","mainEntityOfPage":{"@id":"https:\/\/reznicka.jinakrajina.cz\/cs\/26685-2\/"},"wordCount":258,"commentCount":0,"inLanguage":"cs"},{"@type":"WebPage","@id":"https:\/\/reznicka.jinakrajina.cz\/cs\/26685-2\/","url":"https:\/\/reznicka.jinakrajina.cz\/cs\/26685-2\/","name":"15.9.2022 - Jin\u00e1 Krajina","isPartOf":{"@id":"https:\/\/reznicka.jinakrajina.cz\/cs\/#website"},"datePublished":"2022-09-14T16:44:56+00:00","dateModified":"2022-09-15T10:50:34+00:00","author":{"@id":"https:\/\/reznicka.jinakrajina.cz\/cs\/#\/schema\/person\/905794cbc505832fb1be714596cb1588"},"breadcrumb":{"@id":"https:\/\/reznicka.jinakrajina.cz\/cs\/26685-2\/#breadcrumb"},"inLanguage":"cs","potentialAction":[{"@type":"ReadAction","target":["https:\/\/reznicka.jinakrajina.cz\/cs\/26685-2\/"]}]},{"@type":"BreadcrumbList","@id":"https:\/\/reznicka.jinakrajina.cz\/cs\/26685-2\/#breadcrumb","itemListElement":[{"@type":"ListItem","position":1,"name":"Home","item":"https:\/\/reznicka.jinakrajina.cz\/cs\/"},{"@type":"ListItem","position":2,"name":"15.9.2022"}]},{"@type":"WebSite","@id":"https:\/\/reznicka.jinakrajina.cz\/cs\/#website","url":"https:\/\/reznicka.jinakrajina.cz\/cs\/","name":"Jin\u00e1 Krajina","description":"","potentialAction":[{"@type":"SearchAction","target":{"@type":"EntryPoint","urlTemplate":"https:\/\/reznicka.jinakrajina.cz\/cs\/?s={search_term_string}"},"query-input":{"@type":"PropertyValueSpecification","valueRequired":true,"valueName":"search_term_string"}}],"inLanguage":"cs"},{"@type":"Person","@id":"https:\/\/reznicka.jinakrajina.cz\/cs\/#\/schema\/person\/905794cbc505832fb1be714596cb1588","name":"JK","url":"https:\/\/reznicka.jinakrajina.cz\/cs\/author\/tomaskalab\/"}]}},"_links":{"self":[{"href":"https:\/\/reznicka.jinakrajina.cz\/cs\/wp-json\/wp\/v2\/posts\/26685","targetHints":{"allow":["GET"]}}],"collection":[{"href":"https:\/\/reznicka.jinakrajina.cz\/cs\/wp-json\/wp\/v2\/posts"}],"about":[{"href":"https:\/\/reznicka.jinakrajina.cz\/cs\/wp-json\/wp\/v2\/types\/post"}],"author":[{"embeddable":true,"href":"https:\/\/reznicka.jinakrajina.cz\/cs\/wp-json\/wp\/v2\/users\/3"}],"replies":[{"embeddable":true,"href":"https:\/\/reznicka.jinakrajina.cz\/cs\/wp-json\/wp\/v2\/comments?post=26685"}],"version-history":[{"count":6,"href":"https:\/\/reznicka.jinakrajina.cz\/cs\/wp-json\/wp\/v2\/posts\/26685\/revisions"}],"predecessor-version":[{"id":26723,"href":"https:\/\/reznicka.jinakrajina.cz\/cs\/wp-json\/wp\/v2\/posts\/26685\/revisions\/26723"}],"wp:attachment":[{"href":"https:\/\/reznicka.jinakrajina.cz\/cs\/wp-json\/wp\/v2\/media?parent=26685"}],"curies":[{"name":"wp","href":"https:\/\/api.w.org\/{rel}","templated":true}]}}